{"id":644,"date":"2025-05-13T09:05:12","date_gmt":"2025-05-13T08:05:12","guid":{"rendered":"https:\/\/luves.pxlab.space\/?p=644"},"modified":"2025-05-13T12:02:01","modified_gmt":"2025-05-13T11:02:01","slug":"wir-hatten-das-vergnugen","status":"publish","type":"post","link":"https:\/\/www.luves.ch\/ch\/wir-hatten-das-vergnugen\/","title":{"rendered":"Wir hatten das Vergn\u00fcgen"},"content":{"rendered":"<p>Wir hatten das Vergn\u00fcgen, an einer wichtigen Veranstaltung in der Schweiz wie der \u201eDiaspora Business Connection\u201c teilzunehmen. Organisiert von RRBDSHZ \u2013 dem Unternehmensnetzwerk der albanischen Diaspora der Schweiz, unter der Leitung des Vorstandsvorsitzenden Fehmi Fetahi. Luves schloss sich einer Vielzahl von Gesch\u00e4ftsleuten und Vertretern der albanischen Gemeinschaft in der Schweiz an, darunter dem B\u00fcrgermeister der Gemeinde Gjilan, Alban Hyseni, Sokol Halit, B\u00fcrgermeister von Vitia, und Bali Muharremaj aus der Gemeinde Theranda.\u00a0<\/p>\n\n\n\n<p>Wir freuen uns, dass wir bei dieser wichtigen Veranstaltung unsere Erfahrungen im Bereich IT und Digitalisierung weitergeben konnten und die Gelegenheit hatten, viele andere Unternehmen kennenzulernen und mit ihnen ins Gespr\u00e4ch zu kommen. Luves ist ein auf digitale Dienstleistungen spezialisiertes Unternehmen, bei dem wir uns f\u00fcr Innovation und Effizienz durch unsere fortschrittlichen Technologiel\u00f6sungen einsetzen.\u00a0<\/p>\n\n\n\n<p>\u00a0<br>Bei Luves bieten wir eine breite Palette von Dienstleistungen an, um den unterschiedlichen Bed\u00fcrfnissen unserer Kunden gerecht zu werden:\u00a0<\/p>\n\n\n\n<ul class=\"wp-block-list\">\n<li>&#8211; Webentwicklung und -wartung\u00a0<\/li>\n\n\n\n<li>&#8211; Softwareentwicklung \u2013 Mobile Apps\u00a0<\/li>\n\n\n\n<li>&#8211; Digitales Marketing\u00a0<\/li>\n\n\n\n<li>&#8211; E-Mail Marketing\u00a0<\/li>\n\n\n\n<li>&#8211; Logo und Branding\u00a0<\/li>\n\n\n\n<li>&#8211; Grafikdesign <\/li>\n\n\n\n<li>\u2013 Visuelle Grafiken\u00a0<\/li>\n\n\n\n<li>&#8211; Soziale Medien &#8211; SMM\u00a0<\/li>\n\n\n\n<li>&#8211; SEO (Suchmaschinenoptimierung)\u00a0<\/li>\n\n\n\n<li>&#8211; Telemarketing\u00a0<\/li>\n<\/ul>\n\n\n\n<p>Wir sind zutiefst geehrt \u00fcber unsere Partnerschaft mit RRBDSHZ und betrachten es als Privileg, Ihr verl\u00e4sslicher digitaler Partner zu sein. Unsere Aufgaben umfassen die Pflege und Wartung Ihrer Website sowie die Unterst\u00fctzung mit Werbung, Werbematerialien, Lead-Generierung und E-Mail-Marketing. Unser Streben nach Exzellenz und unsere unersch\u00fctterliche Hingabe zum Erfolg unserer Kunden sind Merkmale, die uns in der digitalen Landschaft auszeichnen.\u00a0<\/p>\n\n\n\n<p>Sind Sie bereit, Ihre Online-Pr\u00e4senz zu verbessern? Nehmen Sie noch heute Kontakt mit uns auf, um Ihren Weg zur Modernisierung Ihrer digitalen Strategie zu beginnen.\u00a0<\/p>\n\n\n\n<figure class=\"wp-block-gallery has-nested-images columns-default is-cropped wp-block-gallery-1 is-layout-flex wp-block-gallery-is-layout-flex\">\n<figure class=\"wp-block-image size-large\"><img fetchpriority=\"high\" decoding=\"async\" width=\"768\" height=\"1024\" data-id=\"653\" src=\"https:\/\/luves.pxlab.space\/wp-content\/uploads\/2025\/05\/431502057_434769705736815_4621943743934487297_n-768x1024.jpg\" alt=\"\" class=\"wp-image-653\" srcset=\"https:\/\/www.luves.ch\/wp-content\/uploads\/2025\/05\/431502057_434769705736815_4621943743934487297_n-768x1024.jpg 768w, https:\/\/www.luves.ch\/wp-content\/uploads\/2025\/05\/431502057_434769705736815_4621943743934487297_n-225x300.jpg 225w, https:\/\/www.luves.ch\/wp-content\/uploads\/2025\/05\/431502057_434769705736815_4621943743934487297_n.jpg 1080w\" sizes=\"(max-width: 768px) 100vw, 768px\" \/><\/figure>\n\n\n\n<figure class=\"wp-block-image size-large\"><img decoding=\"async\" width=\"1024\" height=\"723\" data-id=\"652\" src=\"https:\/\/luves.pxlab.space\/wp-content\/uploads\/2025\/05\/431525555_434769772403475_4393558720646339956_n-1024x723.jpg\" alt=\"\" class=\"wp-image-652\" srcset=\"https:\/\/www.luves.ch\/wp-content\/uploads\/2025\/05\/431525555_434769772403475_4393558720646339956_n-1024x723.jpg 1024w, https:\/\/www.luves.ch\/wp-content\/uploads\/2025\/05\/431525555_434769772403475_4393558720646339956_n-300x212.jpg 300w, https:\/\/www.luves.ch\/wp-content\/uploads\/2025\/05\/431525555_434769772403475_4393558720646339956_n-768x543.jpg 768w, https:\/\/www.luves.ch\/wp-content\/uploads\/2025\/05\/431525555_434769772403475_4393558720646339956_n.jpg 1080w\" sizes=\"(max-width: 1024px) 100vw, 1024px\" \/><\/figure>\n\n\n\n<figure class=\"wp-block-image size-large\"><img decoding=\"async\" width=\"674\" height=\"1024\" data-id=\"654\" src=\"https:\/\/luves.pxlab.space\/wp-content\/uploads\/2025\/05\/433937222_434769739070145_8383388109260580646_n-674x1024.jpg\" alt=\"\" class=\"wp-image-654\" srcset=\"https:\/\/www.luves.ch\/wp-content\/uploads\/2025\/05\/433937222_434769739070145_8383388109260580646_n-674x1024.jpg 674w, https:\/\/www.luves.ch\/wp-content\/uploads\/2025\/05\/433937222_434769739070145_8383388109260580646_n-198x300.jpg 198w, https:\/\/www.luves.ch\/wp-content\/uploads\/2025\/05\/433937222_434769739070145_8383388109260580646_n-768x1166.jpg 768w, https:\/\/www.luves.ch\/wp-content\/uploads\/2025\/05\/433937222_434769739070145_8383388109260580646_n-1012x1536.jpg 1012w, https:\/\/www.luves.ch\/wp-content\/uploads\/2025\/05\/433937222_434769739070145_8383388109260580646_n.jpg 1080w\" sizes=\"(max-width: 674px) 100vw, 674px\" \/><\/figure>\n<\/figure>","protected":false},"excerpt":{"rendered":"<p>Wir hatten das Vergn\u00fcgen, an einer wichtigen Veranstaltung in der Schweiz wie der \u201eDiaspora Business Connection\u201c teilzunehmen. Organisiert von RRBDSHZ \u2013 dem Unternehmensnetzwerk der albanischen Diaspora der Schweiz, unter der Leitung des Vorstandsvorsitzenden Fehmi Fetahi. Luves schloss sich einer Vielzahl von Gesch\u00e4ftsleuten und Vertretern der albanischen Gemeinschaft in der Schweiz an, darunter dem B\u00fcrgermeister der [&hellip;]<\/p>\n","protected":false},"author":3,"featured_media":651,"comment_status":"closed","ping_status":"closed","sticky":false,"template":"","format":"standard","meta":{"footnotes":""},"categories":[10],"tags":[],"class_list":["post-644","post","type-post","status-publish","format-standard","has-post-thumbnail","hentry","category-posts"],"_links":{"self":[{"href":"https:\/\/www.luves.ch\/ch\/wp-json\/wp\/v2\/posts\/644","targetHints":{"allow":["GET"]}}],"collection":[{"href":"https:\/\/www.luves.ch\/ch\/wp-json\/wp\/v2\/posts"}],"about":[{"href":"https:\/\/www.luves.ch\/ch\/wp-json\/wp\/v2\/types\/post"}],"author":[{"embeddable":true,"href":"https:\/\/www.luves.ch\/ch\/wp-json\/wp\/v2\/users\/3"}],"replies":[{"embeddable":true,"href":"https:\/\/www.luves.ch\/ch\/wp-json\/wp\/v2\/comments?post=644"}],"version-history":[{"count":0,"href":"https:\/\/www.luves.ch\/ch\/wp-json\/wp\/v2\/posts\/644\/revisions"}],"wp:featuredmedia":[{"embeddable":true,"href":"https:\/\/www.luves.ch\/ch\/wp-json\/wp\/v2\/media\/651"}],"wp:attachment":[{"href":"https:\/\/www.luves.ch\/ch\/wp-json\/wp\/v2\/media?parent=644"}],"wp:term":[{"taxonomy":"category","embeddable":true,"href":"https:\/\/www.luves.ch\/ch\/wp-json\/wp\/v2\/categories?post=644"},{"taxonomy":"post_tag","embeddable":true,"href":"https:\/\/www.luves.ch\/ch\/wp-json\/wp\/v2\/tags?post=644"}],"curies":[{"name":"wp","href":"https:\/\/api.w.org\/{rel}","templated":true}]}}